{"id":1916,"date":"2022-10-03T19:59:38","date_gmt":"2022-10-03T17:59:38","guid":{"rendered":"https:\/\/mathilda-paatz.com\/?p=1916"},"modified":"2022-11-14T19:52:13","modified_gmt":"2022-11-14T18:52:13","slug":"lehrreiches-wochenende-im-wsk-open-cup-in-italien-mathilda-paatz-startet-fuer-das-kart-republic-werksteam","status":"publish","type":"post","link":"https:\/\/mathilda-paatz.com\/de\/2022\/10\/03\/lehrreiches-wochenende-im-wsk-open-cup-in-italien-mathilda-paatz-startet-fuer-das-kart-republic-werksteam\/","title":{"rendered":"Lehrreiches Wochenende im WSK Open Cup: Paatz startet f\u00fcr das Kart Republic Werksteam"},"content":{"rendered":"\n<p class=\"wp-block-paragraph\"><strong>Mathilda Paatz trat beim WSK Open Cup im italienischen Lonato im neuen Design auf: Die K\u00f6lnerin wird f\u00fcr den Rest der Saison im Kart Republic Werksteam an den Start gehen. Gleichwohl lief der erste Auftritt in den neuen Farben nicht wie gew\u00fcnscht. Die K\u00f6lnerin verpasste das Finale am Sonntag nach einer guten Leistung nur denkbar knapp. Dennoch konnte Paatz wertvolle Erfahrungen f\u00fcr die kommenden Herausforderungen sammeln.<\/strong><\/p>\n\n\n\n<!--more-->\n\n\n\n<p class=\"wp-block-paragraph\">Wie schon bei den Rennen der WSK Euro Series, an denen die F\u00f6rderpilotin vom ADAC Nordrhein im Sommer dieses Jahres teilgenommen hatte, startete Paatz f\u00fcr KR Motorsport, das Werksteam von Kart Republic. F\u00fcr den Rest der Saison wird die K\u00f6lnerin in den Farben des italienischen Chassis-Herstellers auftreten, was zus\u00e4tzliche Motivation brachte: Im Freien Training am Freitagmorgen, das bei Sonnenschein stattfand, zeigte die 14-J\u00e4hrige ihr Potenzial und fuhr in ihrer Gruppe auf den dritten Platz, bevor sich das Wetter \u00e4nderte.<\/p>\n\n\n\n<p class=\"wp-block-paragraph\">Auf nasser Strecke hatte Paatz im Gegensatz zur Konkurrenz mit einem Erfahrungsr\u00fcckstand zu k\u00e4mpfen. Nichtsdestotrotz zeigte sie eine solide Leistung, doch ausgerechnet auf ihrer schnellsten Runde wurde die K\u00f6lnerin von einem Kontrahenten beinahe von der Strecke gedr\u00e4ngt. Trotz zwei sehr schnellen Sektorzeiten sorgte der Zwischenfall f\u00fcr einen gro\u00dfen Zeitverlust, sodass im Qualifying schlussendlich die 14. Position in der Gruppe zu Buche stand. Von dieser Startposition musste Paatz alle Vorl\u00e4ufe in Angriff nehmen, sodass ihr die Entt\u00e4uschung deutlich anzusehen war.<\/p>\n\n\n\n<blockquote class=\"wp-block-quote has-luminous-vivid-orange-color has-text-color has-medium-font-size is-layout-flow wp-block-quote-is-layout-flow\">\n<p class=\"has-black-color has-text-color wp-block-paragraph\">Das Freie Training am Morgen war richtig gut und bei trockenen Bedingungen h\u00e4tte ich sicher eine gute Ausgangsposition erreichen k\u00f6nnen.<\/p>\n<cite>Mathilda Paatz<\/cite><\/blockquote>\n\n\n\n<p class=\"wp-block-paragraph\">&#8222;Ich wollte unbedingt ein gutes Qualifying fahren, damit ich bei den Heats nicht in den Mittelfeldk\u00e4mpfen feststecke&#8220;, war die 14-J\u00e4hrige entt\u00e4uscht. &#8222;Das Freie Training am Morgen war richtig gut und bei trockenen Bedingungen h\u00e4tte ich sicher eine gute Ausgangsposition erreichen k\u00f6nnen.&#8220; Nichtsdestotrotz zeigte sich die Botschafterin von &#8222;Women in Motorsport&#8220; k\u00e4mpferisch. Im ersten der beiden verregneten Vorl\u00e4ufe verbesserte sich Paatz auf die 12. Position, w\u00e4hrend im zweiten Heat immerhin der 13. Platz heraussprang. Mit diesen Ergebnissen startete die K\u00f6lnerin in den Samstag, wo es darum ging, weitere Top-Positionen zu sammeln, um eine gute Ausgangslage f\u00fcr das wichtige Pre-Finale am Sonntag zu erreichen.<\/p>\n\n\n\n<h2 class=\"wp-block-heading\">Paatz verpasst Finale nur knapp<\/h2>\n\n\n\n<p class=\"wp-block-paragraph\">Im dritten Heat am Samstagmorgen k\u00e4mpfte sich Paatz mit einer starken Leistung und gelungenen \u00dcberholman\u00f6vern bis in die Top-Zehn nach vorne. Im vierten Rennen verstrickte sich die F\u00f6rderpilotin vom Deutschen Sportfahrerkreis in harte Duelle mit zahlreichen Positionswechseln. Schlussendlich musste sich Paatz nach harten Attacken der Konkurrenz geschlagen geben, sodass sie die Ziellinie auf dem 17. Rang \u00fcberquerte. Eine f\u00fcnfsek\u00fcndige Spoilerstrafe warf die Rheinl\u00e4nderin auf die 18. Position zur\u00fcck.<\/p>\n\n\n\n<blockquote class=\"wp-block-quote has-luminous-vivid-orange-color has-text-color has-medium-font-size is-layout-flow wp-block-quote-is-layout-flow\">\n<p class=\"has-black-color has-text-color wp-block-paragraph\">Ich hatte im Verlauf des Wochenendes verschiedene Duelle und Zweik\u00e4mpfe, bei denen ich wieder einmal sehr viel lernen konnte. Denn auf internationaler Ebene fehlt mir noch immer die Zweikampfh\u00e4rte und somit ein St\u00fcck Wettbewerbsf\u00e4higkeit.<\/p>\n<cite>Mathilda Paatz<\/cite><\/blockquote>\n\n\n\n<p class=\"wp-block-paragraph\">Im f\u00fcnften und letzten Heat musste Paatz noch einmal alles geben, doch mit dem 16. Rang lief es nicht wie geplant. Im Pre-Finale k\u00e4mpfte sich Paatz vom 22. Startplatz bis auf die 17. Position nach vorne. &#8222;Beim Start habe ich meine Position behaupten k\u00f6nnen&#8220;, berichtet Paatz. &#8222;Leider hat sich in der dritten Runde ein Konkurrent direkt vor mir gedreht. Das notwendige Ausweichman\u00f6ver hat mich richtig Zeit und auch zwei Pl\u00e4tze gekostet. Danach bin ich immer wieder die L\u00fccken zugefahren und habe gute \u00dcberholman\u00f6ver gezeigt.&#8220; Dennoch verpasste sie die Teilnahme am Finalrennen um zwei Punkte. Paatz belegte im Endklassement die 40. Gesamtposition, allerdings durften nur die besten 36 Pilot*innen am Finale teilnehmen.<\/p>\n\n\n\n<p class=\"wp-block-paragraph\">&#8222;Ich \u00e4rgere mich, dass ich das Finale so knapp verpasst habe. Es hat sich wieder einmal gezeigt, wie wichtig das Qualifying ist. Im Training konnte ich mein Potenzial zeigen, aber das reicht mir nicht&#8220;, zieht Paatz ein Fazit. &#8222;Trotzdem bin ich auch ein St\u00fcck weit zufrieden. Ich hatte im Verlauf des Wochenendes verschiedene Duelle und Zweik\u00e4mpfe, bei denen ich wieder einmal sehr viel lernen konnte. Denn auf internationaler Ebene fehlt mir noch immer die Zweikampfh\u00e4rte und somit ein St\u00fcck Wettbewerbsf\u00e4higkeit.&#8220;<\/p>\n\n\n\n<p class=\"wp-block-paragraph\">&#8222;Es ist eine Ehre, dass ich f\u00fcr das Werksteam von Kart Republic an den Start gehen darf&#8220;, sagt Paatz. &#8222;Dadurch kann ich sehr viel lernen, was mir zus\u00e4tzlichen R\u00fcckenwind gibt.&#8220; Nun bereitet sich K\u00f6lnerin auf die FIA Motorsport Games in Frankreich (29. bis 31. Oktober) vor, an denen sie als Teil des \u201eMotorsport Team Germany\u201c in der Kategorie \u201aKarting Sprint Junior\u2018 teilnimmt.<\/p>\n","protected":false},"excerpt":{"rendered":"<p>Mathilda Paatz trat beim WSK Open Cup im italienischen Lonato im neuen Design auf: Die K\u00f6lnerin wird f\u00fcr den Rest der Saison im Kart Republic Werksteam an den Start gehen. Gleichwohl lief der erste Auftritt in den neuen Farben nicht wie gew\u00fcnscht. Die K\u00f6lnerin verpasste das Finale am Sonntag nach einer guten Leistung nur denkbar knapp. Dennoch konnte Paatz wertvolle Erfahrungen f\u00fcr die kommenden Herausforderungen sammeln.<\/p>\n","protected":false},"author":1,"featured_media":1917,"comment_status":"open","ping_status":"open","sticky":false,"template":"","format":"standard","meta":{"_crdt_document":"","footnotes":""},"categories":[64],"tags":[53,52,134],"class_list":["post-1916","post","type-post","status-publish","format-standard","has-post-thumbnail","hentry","category-wsk-series","tag-italien","tag-lonato","tag-wsk-open-cup","has_featured_image"],"yoast_head":"<!-- This site is optimized with the Yoast SEO plugin v26.8 - https:\/\/yoast.com\/product\/yoast-seo-wordpress\/ -->\n<title>Lehrreiches Wochenende im WSK Open Cup: Paatz startet f\u00fcr das Kart Republic Werksteam &#187; Mathilda Paatz<\/title>\n<meta name=\"robots\" content=\"index, follow, max-snippet:-1, max-image-preview:large, max-video-preview:-1\" \/>\n<link rel=\"canonical\" href=\"https:\/\/mathilda-paatz.com\/de\/2022\/10\/03\/lehrreiches-wochenende-im-wsk-open-cup-in-italien-mathilda-paatz-startet-fuer-das-kart-republic-werksteam\/\" \/>\n<meta property=\"og:locale\" content=\"de_DE\" \/>\n<meta property=\"og:type\" content=\"article\" \/>\n<meta property=\"og:title\" content=\"Lehrreiches Wochenende im WSK Open Cup: Paatz startet f\u00fcr das Kart Republic Werksteam &#187; Mathilda Paatz\" \/>\n<meta property=\"og:description\" content=\"Mathilda Paatz trat beim WSK Open Cup im italienischen Lonato im neuen Design auf: Die K\u00f6lnerin wird f\u00fcr den Rest der Saison im Kart Republic Werksteam an den Start gehen. Gleichwohl lief der erste Auftritt in den neuen Farben nicht wie gew\u00fcnscht. Die K\u00f6lnerin verpasste das Finale am Sonntag nach einer guten Leistung nur denkbar knapp. Dennoch konnte Paatz wertvolle Erfahrungen f\u00fcr die kommenden Herausforderungen sammeln.\" \/>\n<meta property=\"og:url\" content=\"https:\/\/mathilda-paatz.com\/de\/2022\/10\/03\/lehrreiches-wochenende-im-wsk-open-cup-in-italien-mathilda-paatz-startet-fuer-das-kart-republic-werksteam\/\" \/>\n<meta property=\"og:site_name\" content=\"Mathilda Paatz\" \/>\n<meta property=\"article:published_time\" content=\"2022-10-03T17:59:38+00:00\" \/>\n<meta property=\"article:modified_time\" content=\"2022-11-14T18:52:13+00:00\" \/>\n<meta property=\"og:image\" content=\"https:\/\/mathilda-paatz.com\/wp-content\/uploads\/2022\/10\/Paatz_WSKOpenCup_Lonato_header_1000px.jpg\" \/>\n\t<meta property=\"og:image:width\" content=\"1000\" \/>\n\t<meta property=\"og:image:height\" content=\"667\" \/>\n\t<meta property=\"og:image:type\" content=\"image\/jpeg\" \/>\n<meta name=\"author\" content=\"Mathilda Paatz\" \/>\n<meta name=\"twitter:card\" content=\"summary_large_image\" \/>\n<meta name=\"twitter:label1\" content=\"Verfasst von\" \/>\n\t<meta name=\"twitter:data1\" content=\"Mathilda Paatz\" \/>\n\t<meta name=\"twitter:label2\" content=\"Gesch\u00e4tzte Lesezeit\" \/>\n\t<meta name=\"twitter:data2\" content=\"4\u00a0Minuten\" \/>\n<script type=\"application\/ld+json\" class=\"yoast-schema-graph\">{\"@context\":\"https:\/\/schema.org\",\"@graph\":[{\"@type\":\"Article\",\"@id\":\"https:\/\/mathilda-paatz.com\/2022\/10\/03\/lehrreiches-wochenende-im-wsk-open-cup-in-italien-mathilda-paatz-startet-fuer-das-kart-republic-werksteam\/#article\",\"isPartOf\":{\"@id\":\"https:\/\/mathilda-paatz.com\/2022\/10\/03\/lehrreiches-wochenende-im-wsk-open-cup-in-italien-mathilda-paatz-startet-fuer-das-kart-republic-werksteam\/\"},\"author\":{\"name\":\"Mathilda Paatz\",\"@id\":\"https:\/\/mathilda-paatz.com\/#\/schema\/person\/bb1118b4bd0b68d5583bdc80c9b6d30e\"},\"headline\":\"Lehrreiches Wochenende im WSK Open Cup: Paatz startet f\u00fcr das Kart Republic Werksteam\",\"datePublished\":\"2022-10-03T17:59:38+00:00\",\"dateModified\":\"2022-11-14T18:52:13+00:00\",\"mainEntityOfPage\":{\"@id\":\"https:\/\/mathilda-paatz.com\/2022\/10\/03\/lehrreiches-wochenende-im-wsk-open-cup-in-italien-mathilda-paatz-startet-fuer-das-kart-republic-werksteam\/\"},\"wordCount\":771,\"commentCount\":0,\"publisher\":{\"@id\":\"https:\/\/mathilda-paatz.com\/#\/schema\/person\/bb1118b4bd0b68d5583bdc80c9b6d30e\"},\"image\":{\"@id\":\"https:\/\/mathilda-paatz.com\/2022\/10\/03\/lehrreiches-wochenende-im-wsk-open-cup-in-italien-mathilda-paatz-startet-fuer-das-kart-republic-werksteam\/#primaryimage\"},\"thumbnailUrl\":\"https:\/\/mathilda-paatz.com\/wp-content\/uploads\/2022\/10\/Paatz_WSKOpenCup_Lonato_header_1000px.jpg\",\"keywords\":[\"Italien\",\"Lonato\",\"WSK Open Cup\"],\"articleSection\":[\"WSK Series\"],\"inLanguage\":\"de\",\"potentialAction\":[{\"@type\":\"CommentAction\",\"name\":\"Comment\",\"target\":[\"https:\/\/mathilda-paatz.com\/2022\/10\/03\/lehrreiches-wochenende-im-wsk-open-cup-in-italien-mathilda-paatz-startet-fuer-das-kart-republic-werksteam\/#respond\"]}]},{\"@type\":\"WebPage\",\"@id\":\"https:\/\/mathilda-paatz.com\/2022\/10\/03\/lehrreiches-wochenende-im-wsk-open-cup-in-italien-mathilda-paatz-startet-fuer-das-kart-republic-werksteam\/\",\"url\":\"https:\/\/mathilda-paatz.com\/2022\/10\/03\/lehrreiches-wochenende-im-wsk-open-cup-in-italien-mathilda-paatz-startet-fuer-das-kart-republic-werksteam\/\",\"name\":\"Lehrreiches Wochenende im WSK Open Cup: Paatz startet f\u00fcr das Kart Republic Werksteam &#187; Mathilda Paatz\",\"isPartOf\":{\"@id\":\"https:\/\/mathilda-paatz.com\/#website\"},\"primaryImageOfPage\":{\"@id\":\"https:\/\/mathilda-paatz.com\/2022\/10\/03\/lehrreiches-wochenende-im-wsk-open-cup-in-italien-mathilda-paatz-startet-fuer-das-kart-republic-werksteam\/#primaryimage\"},\"image\":{\"@id\":\"https:\/\/mathilda-paatz.com\/2022\/10\/03\/lehrreiches-wochenende-im-wsk-open-cup-in-italien-mathilda-paatz-startet-fuer-das-kart-republic-werksteam\/#primaryimage\"},\"thumbnailUrl\":\"https:\/\/mathilda-paatz.com\/wp-content\/uploads\/2022\/10\/Paatz_WSKOpenCup_Lonato_header_1000px.jpg\",\"datePublished\":\"2022-10-03T17:59:38+00:00\",\"dateModified\":\"2022-11-14T18:52:13+00:00\",\"breadcrumb\":{\"@id\":\"https:\/\/mathilda-paatz.com\/2022\/10\/03\/lehrreiches-wochenende-im-wsk-open-cup-in-italien-mathilda-paatz-startet-fuer-das-kart-republic-werksteam\/#breadcrumb\"},\"inLanguage\":\"de\",\"potentialAction\":[{\"@type\":\"ReadAction\",\"target\":[\"https:\/\/mathilda-paatz.com\/2022\/10\/03\/lehrreiches-wochenende-im-wsk-open-cup-in-italien-mathilda-paatz-startet-fuer-das-kart-republic-werksteam\/\"]}]},{\"@type\":\"ImageObject\",\"inLanguage\":\"de\",\"@id\":\"https:\/\/mathilda-paatz.com\/2022\/10\/03\/lehrreiches-wochenende-im-wsk-open-cup-in-italien-mathilda-paatz-startet-fuer-das-kart-republic-werksteam\/#primaryimage\",\"url\":\"https:\/\/mathilda-paatz.com\/wp-content\/uploads\/2022\/10\/Paatz_WSKOpenCup_Lonato_header_1000px.jpg\",\"contentUrl\":\"https:\/\/mathilda-paatz.com\/wp-content\/uploads\/2022\/10\/Paatz_WSKOpenCup_Lonato_header_1000px.jpg\",\"width\":1000,\"height\":667},{\"@type\":\"BreadcrumbList\",\"@id\":\"https:\/\/mathilda-paatz.com\/2022\/10\/03\/lehrreiches-wochenende-im-wsk-open-cup-in-italien-mathilda-paatz-startet-fuer-das-kart-republic-werksteam\/#breadcrumb\",\"itemListElement\":[{\"@type\":\"ListItem\",\"position\":1,\"name\":\"Startseite\",\"item\":\"https:\/\/mathilda-paatz.com\/\"},{\"@type\":\"ListItem\",\"position\":2,\"name\":\"Lehrreiches Wochenende im WSK Open Cup: Paatz startet f\u00fcr das Kart Republic Werksteam\"}]},{\"@type\":\"WebSite\",\"@id\":\"https:\/\/mathilda-paatz.com\/#website\",\"url\":\"https:\/\/mathilda-paatz.com\/\",\"name\":\"Mathilda Paatz\",\"description\":\"Das Speedgirl aus K\u00f6ln\",\"publisher\":{\"@id\":\"https:\/\/mathilda-paatz.com\/#\/schema\/person\/bb1118b4bd0b68d5583bdc80c9b6d30e\"},\"potentialAction\":[{\"@type\":\"SearchAction\",\"target\":{\"@type\":\"EntryPoint\",\"urlTemplate\":\"https:\/\/mathilda-paatz.com\/?s={search_term_string}\"},\"query-input\":{\"@type\":\"PropertyValueSpecification\",\"valueRequired\":true,\"valueName\":\"search_term_string\"}}],\"inLanguage\":\"de\"},{\"@type\":[\"Person\",\"Organization\"],\"@id\":\"https:\/\/mathilda-paatz.com\/#\/schema\/person\/bb1118b4bd0b68d5583bdc80c9b6d30e\",\"name\":\"Mathilda Paatz\",\"image\":{\"@type\":\"ImageObject\",\"inLanguage\":\"de\",\"@id\":\"https:\/\/mathilda-paatz.com\/#\/schema\/person\/image\/\",\"url\":\"https:\/\/mathilda-paatz.com\/wp-content\/uploads\/2021\/01\/cropped-Speedgirl_Logo.png\",\"contentUrl\":\"https:\/\/mathilda-paatz.com\/wp-content\/uploads\/2021\/01\/cropped-Speedgirl_Logo.png\",\"width\":512,\"height\":512,\"caption\":\"Mathilda Paatz\"},\"logo\":{\"@id\":\"https:\/\/mathilda-paatz.com\/#\/schema\/person\/image\/\"},\"sameAs\":[\"https:\/\/mathilda-paatz.com\",\"https:\/\/www.instagram.com\/mathilda_paatz\/\"],\"url\":\"https:\/\/mathilda-paatz.com\/de\/author\/mathilda\/\"}]}<\/script>\n<!-- \/ Yoast SEO plugin. -->","yoast_head_json":{"title":"Lehrreiches Wochenende im WSK Open Cup: Paatz startet f\u00fcr das Kart Republic Werksteam &#187; Mathilda Paatz","robots":{"index":"index","follow":"follow","max-snippet":"max-snippet:-1","max-image-preview":"max-image-preview:large","max-video-preview":"max-video-preview:-1"},"canonical":"https:\/\/mathilda-paatz.com\/de\/2022\/10\/03\/lehrreiches-wochenende-im-wsk-open-cup-in-italien-mathilda-paatz-startet-fuer-das-kart-republic-werksteam\/","og_locale":"de_DE","og_type":"article","og_title":"Lehrreiches Wochenende im WSK Open Cup: Paatz startet f\u00fcr das Kart Republic Werksteam &#187; Mathilda Paatz","og_description":"Mathilda Paatz trat beim WSK Open Cup im italienischen Lonato im neuen Design auf: Die K\u00f6lnerin wird f\u00fcr den Rest der Saison im Kart Republic Werksteam an den Start gehen. Gleichwohl lief der erste Auftritt in den neuen Farben nicht wie gew\u00fcnscht. Die K\u00f6lnerin verpasste das Finale am Sonntag nach einer guten Leistung nur denkbar knapp. Dennoch konnte Paatz wertvolle Erfahrungen f\u00fcr die kommenden Herausforderungen sammeln.","og_url":"https:\/\/mathilda-paatz.com\/de\/2022\/10\/03\/lehrreiches-wochenende-im-wsk-open-cup-in-italien-mathilda-paatz-startet-fuer-das-kart-republic-werksteam\/","og_site_name":"Mathilda Paatz","article_published_time":"2022-10-03T17:59:38+00:00","article_modified_time":"2022-11-14T18:52:13+00:00","og_image":[{"width":1000,"height":667,"url":"https:\/\/mathilda-paatz.com\/wp-content\/uploads\/2022\/10\/Paatz_WSKOpenCup_Lonato_header_1000px.jpg","type":"image\/jpeg"}],"author":"Mathilda Paatz","twitter_card":"summary_large_image","twitter_misc":{"Verfasst von":"Mathilda Paatz","Gesch\u00e4tzte Lesezeit":"4\u00a0Minuten"},"schema":{"@context":"https:\/\/schema.org","@graph":[{"@type":"Article","@id":"https:\/\/mathilda-paatz.com\/2022\/10\/03\/lehrreiches-wochenende-im-wsk-open-cup-in-italien-mathilda-paatz-startet-fuer-das-kart-republic-werksteam\/#article","isPartOf":{"@id":"https:\/\/mathilda-paatz.com\/2022\/10\/03\/lehrreiches-wochenende-im-wsk-open-cup-in-italien-mathilda-paatz-startet-fuer-das-kart-republic-werksteam\/"},"author":{"name":"Mathilda Paatz","@id":"https:\/\/mathilda-paatz.com\/#\/schema\/person\/bb1118b4bd0b68d5583bdc80c9b6d30e"},"headline":"Lehrreiches Wochenende im WSK Open Cup: Paatz startet f\u00fcr das Kart Republic Werksteam","datePublished":"2022-10-03T17:59:38+00:00","dateModified":"2022-11-14T18:52:13+00:00","mainEntityOfPage":{"@id":"https:\/\/mathilda-paatz.com\/2022\/10\/03\/lehrreiches-wochenende-im-wsk-open-cup-in-italien-mathilda-paatz-startet-fuer-das-kart-republic-werksteam\/"},"wordCount":771,"commentCount":0,"publisher":{"@id":"https:\/\/mathilda-paatz.com\/#\/schema\/person\/bb1118b4bd0b68d5583bdc80c9b6d30e"},"image":{"@id":"https:\/\/mathilda-paatz.com\/2022\/10\/03\/lehrreiches-wochenende-im-wsk-open-cup-in-italien-mathilda-paatz-startet-fuer-das-kart-republic-werksteam\/#primaryimage"},"thumbnailUrl":"https:\/\/mathilda-paatz.com\/wp-content\/uploads\/2022\/10\/Paatz_WSKOpenCup_Lonato_header_1000px.jpg","keywords":["Italien","Lonato","WSK Open Cup"],"articleSection":["WSK Series"],"inLanguage":"de","potentialAction":[{"@type":"CommentAction","name":"Comment","target":["https:\/\/mathilda-paatz.com\/2022\/10\/03\/lehrreiches-wochenende-im-wsk-open-cup-in-italien-mathilda-paatz-startet-fuer-das-kart-republic-werksteam\/#respond"]}]},{"@type":"WebPage","@id":"https:\/\/mathilda-paatz.com\/2022\/10\/03\/lehrreiches-wochenende-im-wsk-open-cup-in-italien-mathilda-paatz-startet-fuer-das-kart-republic-werksteam\/","url":"https:\/\/mathilda-paatz.com\/2022\/10\/03\/lehrreiches-wochenende-im-wsk-open-cup-in-italien-mathilda-paatz-startet-fuer-das-kart-republic-werksteam\/","name":"Lehrreiches Wochenende im WSK Open Cup: Paatz startet f\u00fcr das Kart Republic Werksteam &#187; Mathilda Paatz","isPartOf":{"@id":"https:\/\/mathilda-paatz.com\/#website"},"primaryImageOfPage":{"@id":"https:\/\/mathilda-paatz.com\/2022\/10\/03\/lehrreiches-wochenende-im-wsk-open-cup-in-italien-mathilda-paatz-startet-fuer-das-kart-republic-werksteam\/#primaryimage"},"image":{"@id":"https:\/\/mathilda-paatz.com\/2022\/10\/03\/lehrreiches-wochenende-im-wsk-open-cup-in-italien-mathilda-paatz-startet-fuer-das-kart-republic-werksteam\/#primaryimage"},"thumbnailUrl":"https:\/\/mathilda-paatz.com\/wp-content\/uploads\/2022\/10\/Paatz_WSKOpenCup_Lonato_header_1000px.jpg","datePublished":"2022-10-03T17:59:38+00:00","dateModified":"2022-11-14T18:52:13+00:00","breadcrumb":{"@id":"https:\/\/mathilda-paatz.com\/2022\/10\/03\/lehrreiches-wochenende-im-wsk-open-cup-in-italien-mathilda-paatz-startet-fuer-das-kart-republic-werksteam\/#breadcrumb"},"inLanguage":"de","potentialAction":[{"@type":"ReadAction","target":["https:\/\/mathilda-paatz.com\/2022\/10\/03\/lehrreiches-wochenende-im-wsk-open-cup-in-italien-mathilda-paatz-startet-fuer-das-kart-republic-werksteam\/"]}]},{"@type":"ImageObject","inLanguage":"de","@id":"https:\/\/mathilda-paatz.com\/2022\/10\/03\/lehrreiches-wochenende-im-wsk-open-cup-in-italien-mathilda-paatz-startet-fuer-das-kart-republic-werksteam\/#primaryimage","url":"https:\/\/mathilda-paatz.com\/wp-content\/uploads\/2022\/10\/Paatz_WSKOpenCup_Lonato_header_1000px.jpg","contentUrl":"https:\/\/mathilda-paatz.com\/wp-content\/uploads\/2022\/10\/Paatz_WSKOpenCup_Lonato_header_1000px.jpg","width":1000,"height":667},{"@type":"BreadcrumbList","@id":"https:\/\/mathilda-paatz.com\/2022\/10\/03\/lehrreiches-wochenende-im-wsk-open-cup-in-italien-mathilda-paatz-startet-fuer-das-kart-republic-werksteam\/#breadcrumb","itemListElement":[{"@type":"ListItem","position":1,"name":"Startseite","item":"https:\/\/mathilda-paatz.com\/"},{"@type":"ListItem","position":2,"name":"Lehrreiches Wochenende im WSK Open Cup: Paatz startet f\u00fcr das Kart Republic Werksteam"}]},{"@type":"WebSite","@id":"https:\/\/mathilda-paatz.com\/#website","url":"https:\/\/mathilda-paatz.com\/","name":"Mathilda Paatz","description":"Das Speedgirl aus K\u00f6ln","publisher":{"@id":"https:\/\/mathilda-paatz.com\/#\/schema\/person\/bb1118b4bd0b68d5583bdc80c9b6d30e"},"potentialAction":[{"@type":"SearchAction","target":{"@type":"EntryPoint","urlTemplate":"https:\/\/mathilda-paatz.com\/?s={search_term_string}"},"query-input":{"@type":"PropertyValueSpecification","valueRequired":true,"valueName":"search_term_string"}}],"inLanguage":"de"},{"@type":["Person","Organization"],"@id":"https:\/\/mathilda-paatz.com\/#\/schema\/person\/bb1118b4bd0b68d5583bdc80c9b6d30e","name":"Mathilda Paatz","image":{"@type":"ImageObject","inLanguage":"de","@id":"https:\/\/mathilda-paatz.com\/#\/schema\/person\/image\/","url":"https:\/\/mathilda-paatz.com\/wp-content\/uploads\/2021\/01\/cropped-Speedgirl_Logo.png","contentUrl":"https:\/\/mathilda-paatz.com\/wp-content\/uploads\/2021\/01\/cropped-Speedgirl_Logo.png","width":512,"height":512,"caption":"Mathilda Paatz"},"logo":{"@id":"https:\/\/mathilda-paatz.com\/#\/schema\/person\/image\/"},"sameAs":["https:\/\/mathilda-paatz.com","https:\/\/www.instagram.com\/mathilda_paatz\/"],"url":"https:\/\/mathilda-paatz.com\/de\/author\/mathilda\/"}]}},"_links":{"self":[{"href":"https:\/\/mathilda-paatz.com\/de\/wp-json\/wp\/v2\/posts\/1916","targetHints":{"allow":["GET"]}}],"collection":[{"href":"https:\/\/mathilda-paatz.com\/de\/wp-json\/wp\/v2\/posts"}],"about":[{"href":"https:\/\/mathilda-paatz.com\/de\/wp-json\/wp\/v2\/types\/post"}],"author":[{"embeddable":true,"href":"https:\/\/mathilda-paatz.com\/de\/wp-json\/wp\/v2\/users\/1"}],"replies":[{"embeddable":true,"href":"https:\/\/mathilda-paatz.com\/de\/wp-json\/wp\/v2\/comments?post=1916"}],"version-history":[{"count":5,"href":"https:\/\/mathilda-paatz.com\/de\/wp-json\/wp\/v2\/posts\/1916\/revisions"}],"predecessor-version":[{"id":1925,"href":"https:\/\/mathilda-paatz.com\/de\/wp-json\/wp\/v2\/posts\/1916\/revisions\/1925"}],"wp:featuredmedia":[{"embeddable":true,"href":"https:\/\/mathilda-paatz.com\/de\/wp-json\/wp\/v2\/media\/1917"}],"wp:attachment":[{"href":"https:\/\/mathilda-paatz.com\/de\/wp-json\/wp\/v2\/media?parent=1916"}],"wp:term":[{"taxonomy":"category","embeddable":true,"href":"https:\/\/mathilda-paatz.com\/de\/wp-json\/wp\/v2\/categories?post=1916"},{"taxonomy":"post_tag","embeddable":true,"href":"https:\/\/mathilda-paatz.com\/de\/wp-json\/wp\/v2\/tags?post=1916"}],"curies":[{"name":"wp","href":"https:\/\/api.w.org\/{rel}","templated":true}]}}