{"id":1811,"date":"2022-08-08T09:25:53","date_gmt":"2022-08-08T07:25:53","guid":{"rendered":"https:\/\/mathilda-paatz.com\/?p=1811"},"modified":"2022-08-17T14:44:05","modified_gmt":"2022-08-17T12:44:05","slug":"podium-beim-heimrennen-im-adac-kart-masters-paatz-in-kerpen-auf-dem-dritten-platz","status":"publish","type":"post","link":"https:\/\/mathilda-paatz.com\/de\/2022\/08\/08\/podium-beim-heimrennen-im-adac-kart-masters-paatz-in-kerpen-auf-dem-dritten-platz\/","title":{"rendered":"Podium beim Heimrennen im ADAC Kart Masters: Paatz in Kerpen auf dem dritten Platz"},"content":{"rendered":"\n<p class=\"wp-block-paragraph\"><strong>Mathilda Paatz beendete das Heimrennen des ADAC Kart Masters auf dem Erftlandring in Kerpen mit gemischten Gef\u00fchlen. Zwar konnte die Pilotin vom TB Racing Team mit einem dritten Gesamtrang wieder einmal auf das Podium klettern, doch die Ausgangslage im Titelkampf hat sich nicht verbessert. Dennoch bleibt die 14-J\u00e4hrige vor dem Finale in M\u00fclsen optimistisch.<\/strong><\/p>\n\n\n\n<!--more-->\n\n\n\n<p class=\"wp-block-paragraph\">Dem Heimrennen auf dem bekannten Erftlandring in Kerpen blickte Mathilda Paatz mit Freude entgegen. Nach dem starken Auftritt in der WSK Euro Series war die Pilotin vom TB Racing Team zuversichtlich, auch beim Heimrennen im ADAC Kart Masters zu punkten. Mit dem vierten Platz im Qualifying erarbeitete sich Paatz eine solide Ausgangslage, die sie in den folgenden Heats verbessern wollte.<\/p>\n\n\n\n<p class=\"wp-block-paragraph\">In beiden Vorl\u00e4ufen duellierte sich die F\u00f6rderpilotin vom Deutschen Sportfahrerkreis mit den m\u00e4nnlichen Kontrahenten um die Top-Drei. Das erste Heat beendete Paatz auf dem dritten Platz, w\u00e4hrend im zweiten Rennen die vierte Position heraussprang. Damit stand der dritte Startplatz f\u00fcr das erste Hauptrennen am Sonntag zu Buche.<\/p>\n\n\n\n<p class=\"wp-block-paragraph\">Dort erwischte Mathilda Paatz einen perfekten Start, der sie zun\u00e4chst an die Spitze des Feldes brachte. Die Rheinl\u00e4nderin sammelte die ersten F\u00fchrungskilometer bei den OK-Junioren. Doch es gelang ihr nicht, einen Vorsprung auf die Verfolger zu erarbeiten. In der Folge wurde die 14-J\u00e4hrige in verschiedene Zweik\u00e4mpfe verwickelt. Dabei verlor sie ihren Rhythmus und musste mehrere Positionen einb\u00fc\u00dfen. Paatz beendete das Rennen auf dem f\u00fcnften Platz, profitierte allerdings von einer Strafe gegen die Konkurrenz.<\/p>\n\n\n\n<p class=\"wp-block-paragraph\">Die Sch\u00fclerin wurde zwar auf dem vierten Platz gewertet, allerdings fiel diese Entscheidung erst nach dem Ende der Veranstaltung. Daher musste Paatz das zweite Rennen vom f\u00fcnften Startplatz in Angriff nehmen. Dort zeigte die Botschafterin von &#8222;Women in Motorsport&#8220; eine gute Leistung, die schlussendlich mit dem vierten Platz belohnt wurde. Infolge einer Zeitstrafe rutschte die 14-J\u00e4hrige abermals um eine Position nach vorne.<\/p>\n\n\n\n<h2 class=\"wp-block-heading\">Schwierige Ausgangslage im Titelkampf<\/h2>\n\n\n\n<p class=\"wp-block-paragraph\">In der Tageswertung belegte die K\u00f6lnerin bei ihrem Heimrennen den dritten Platz, hinter Luca Schwab und Gaststarter Jindrich Pe\u0161l. &#8222;Mit einem Podestplatz kann ich an diesem Wochenende zufrieden sein. Allerdings hatte ich gerade im ersten Rennen gute Chancen auf ein besseres Ergebnis&#8220;, zeigt sich Mathilda Paatz selbstkritisch. &#8222;Ich hatte die M\u00f6glichkeit, ganz oben auf dem Podium zu stehen. Im Kampf um den Meistertitel ist alles noch offen, aber ein Sieg in M\u00fclsen ist Pflicht!&#8220;<\/p>\n\n\n\n<blockquote class=\"wp-block-quote is-layout-flow wp-block-quote-is-layout-flow\">\n<p class=\"wp-block-paragraph\">Im Kampf um den Meistertitel ist alles noch offen, aber ein Sieg in M\u00fclsen ist Pflicht!<\/p>\n<cite>Mathilda Paatz<\/cite><\/blockquote>\n\n\n\n<p class=\"wp-block-paragraph\">In der Gesamtwertung liegt Mathilda Paatz punktgleich mit Simon Rechenmacher (179 Punkte) auf dem zweiten bzw. dritten Platz. Der R\u00fcckstand auf Tabellenf\u00fchrer Luca Schwab betr\u00e4gt gerade einmal sechs Punkte. Vor dem Finale in M\u00fclsen (10. und 11. September) steht somit bereits fest, dass sich der Titelkampf zwischen den drei Teamkollegen vom TB Racing Team entscheidet. Noch besser sieht es f\u00fcr Mathilda Paatz im Ladies Cup aus. Hier f\u00fchrt die F\u00f6rderpilotin vom ADAC Nordrhein die Tabelle vor Claudia Henning an. Sie hat beste Chancen nach 2020 zum zweiten Mal zu triumphieren.<\/p>\n\n\n\n<p class=\"wp-block-paragraph\">Zun\u00e4chst stehen f\u00fcr Paatz allerdings aufregende Tage bevor, denn die 14-J\u00e4hrige wird beim Shoot-Out von &#8222;FIA Girls on Track&#8220; im franz\u00f6sischen Paul Ricard teilnehmen. Dort hat sie die M\u00f6glichkeit, sich f\u00fcr das entscheidende Scouting-Camp der Ferrari Driving Academy zu qualifizieren, das im November stattfindet.<\/p>\n","protected":false},"excerpt":{"rendered":"<p>Mathilda Paatz beendete das Heimrennen des ADAC Kart Masters auf dem Erftlandring in Kerpen mit gemischten Gef\u00fchlen. Zwar konnte die Pilotin vom TB Racing Team mit einem dritten Gesamtrang wieder einmal auf das Podium klettern, doch die Ausgangslage im Titelkampf hat sich nicht verbessert. Dennoch bleibt die 14-J\u00e4hrige vor dem Finale in M\u00fclsen optimistisch.<\/p>\n","protected":false},"author":1,"featured_media":1812,"comment_status":"open","ping_status":"open","sticky":false,"template":"","format":"standard","meta":{"_crdt_document":"","footnotes":""},"categories":[28],"tags":[29,47],"class_list":["post-1811","post","type-post","status-publish","format-standard","has-post-thumbnail","hentry","category-adac-kart-masters","tag-adac-kart-masters","tag-kerpen","has_featured_image"],"yoast_head":"<!-- This site is optimized with the Yoast SEO plugin v26.8 - https:\/\/yoast.com\/product\/yoast-seo-wordpress\/ -->\n<title>Podium beim Heimrennen im ADAC Kart Masters: Paatz in Kerpen auf dem dritten Platz &#187; Mathilda Paatz<\/title>\n<meta name=\"robots\" content=\"index, follow, max-snippet:-1, max-image-preview:large, max-video-preview:-1\" \/>\n<link rel=\"canonical\" href=\"https:\/\/mathilda-paatz.com\/de\/2022\/08\/08\/podium-beim-heimrennen-im-adac-kart-masters-paatz-in-kerpen-auf-dem-dritten-platz\/\" \/>\n<meta property=\"og:locale\" content=\"de_DE\" \/>\n<meta property=\"og:type\" content=\"article\" \/>\n<meta property=\"og:title\" content=\"Podium beim Heimrennen im ADAC Kart Masters: Paatz in Kerpen auf dem dritten Platz &#187; Mathilda Paatz\" \/>\n<meta property=\"og:description\" content=\"Mathilda Paatz beendete das Heimrennen des ADAC Kart Masters auf dem Erftlandring in Kerpen mit gemischten Gef\u00fchlen. Zwar konnte die Pilotin vom TB Racing Team mit einem dritten Gesamtrang wieder einmal auf das Podium klettern, doch die Ausgangslage im Titelkampf hat sich nicht verbessert. Dennoch bleibt die 14-J\u00e4hrige vor dem Finale in M\u00fclsen optimistisch.\" \/>\n<meta property=\"og:url\" content=\"https:\/\/mathilda-paatz.com\/de\/2022\/08\/08\/podium-beim-heimrennen-im-adac-kart-masters-paatz-in-kerpen-auf-dem-dritten-platz\/\" \/>\n<meta property=\"og:site_name\" content=\"Mathilda Paatz\" \/>\n<meta property=\"article:published_time\" content=\"2022-08-08T07:25:53+00:00\" \/>\n<meta property=\"article:modified_time\" content=\"2022-08-17T12:44:05+00:00\" \/>\n<meta property=\"og:image\" content=\"https:\/\/mathilda-paatz.com\/wp-content\/uploads\/2022\/08\/Mathilda_ADAC_Kerpen_header_1000px.jpg\" \/>\n\t<meta property=\"og:image:width\" content=\"1000\" \/>\n\t<meta property=\"og:image:height\" content=\"667\" \/>\n\t<meta property=\"og:image:type\" content=\"image\/jpeg\" \/>\n<meta name=\"author\" content=\"Mathilda Paatz\" \/>\n<meta name=\"twitter:card\" content=\"summary_large_image\" \/>\n<meta name=\"twitter:label1\" content=\"Verfasst von\" \/>\n\t<meta name=\"twitter:data1\" content=\"Mathilda Paatz\" \/>\n\t<meta name=\"twitter:label2\" content=\"Gesch\u00e4tzte Lesezeit\" \/>\n\t<meta name=\"twitter:data2\" content=\"3\u00a0Minuten\" \/>\n<script type=\"application\/ld+json\" class=\"yoast-schema-graph\">{\"@context\":\"https:\/\/schema.org\",\"@graph\":[{\"@type\":\"Article\",\"@id\":\"https:\/\/mathilda-paatz.com\/2022\/08\/08\/podium-beim-heimrennen-im-adac-kart-masters-paatz-in-kerpen-auf-dem-dritten-platz\/#article\",\"isPartOf\":{\"@id\":\"https:\/\/mathilda-paatz.com\/2022\/08\/08\/podium-beim-heimrennen-im-adac-kart-masters-paatz-in-kerpen-auf-dem-dritten-platz\/\"},\"author\":{\"name\":\"Mathilda Paatz\",\"@id\":\"https:\/\/mathilda-paatz.com\/#\/schema\/person\/bb1118b4bd0b68d5583bdc80c9b6d30e\"},\"headline\":\"Podium beim Heimrennen im ADAC Kart Masters: Paatz in Kerpen auf dem dritten Platz\",\"datePublished\":\"2022-08-08T07:25:53+00:00\",\"dateModified\":\"2022-08-17T12:44:05+00:00\",\"mainEntityOfPage\":{\"@id\":\"https:\/\/mathilda-paatz.com\/2022\/08\/08\/podium-beim-heimrennen-im-adac-kart-masters-paatz-in-kerpen-auf-dem-dritten-platz\/\"},\"wordCount\":572,\"commentCount\":0,\"publisher\":{\"@id\":\"https:\/\/mathilda-paatz.com\/#\/schema\/person\/bb1118b4bd0b68d5583bdc80c9b6d30e\"},\"image\":{\"@id\":\"https:\/\/mathilda-paatz.com\/2022\/08\/08\/podium-beim-heimrennen-im-adac-kart-masters-paatz-in-kerpen-auf-dem-dritten-platz\/#primaryimage\"},\"thumbnailUrl\":\"https:\/\/mathilda-paatz.com\/wp-content\/uploads\/2022\/08\/Mathilda_ADAC_Kerpen_header_1000px.jpg\",\"keywords\":[\"ADAC Kart Masters\",\"Kerpen\"],\"articleSection\":[\"ADAC Kart Masters\"],\"inLanguage\":\"de\",\"potentialAction\":[{\"@type\":\"CommentAction\",\"name\":\"Comment\",\"target\":[\"https:\/\/mathilda-paatz.com\/2022\/08\/08\/podium-beim-heimrennen-im-adac-kart-masters-paatz-in-kerpen-auf-dem-dritten-platz\/#respond\"]}]},{\"@type\":\"WebPage\",\"@id\":\"https:\/\/mathilda-paatz.com\/2022\/08\/08\/podium-beim-heimrennen-im-adac-kart-masters-paatz-in-kerpen-auf-dem-dritten-platz\/\",\"url\":\"https:\/\/mathilda-paatz.com\/2022\/08\/08\/podium-beim-heimrennen-im-adac-kart-masters-paatz-in-kerpen-auf-dem-dritten-platz\/\",\"name\":\"Podium beim Heimrennen im ADAC Kart Masters: Paatz in Kerpen auf dem dritten Platz &#187; Mathilda Paatz\",\"isPartOf\":{\"@id\":\"https:\/\/mathilda-paatz.com\/#website\"},\"primaryImageOfPage\":{\"@id\":\"https:\/\/mathilda-paatz.com\/2022\/08\/08\/podium-beim-heimrennen-im-adac-kart-masters-paatz-in-kerpen-auf-dem-dritten-platz\/#primaryimage\"},\"image\":{\"@id\":\"https:\/\/mathilda-paatz.com\/2022\/08\/08\/podium-beim-heimrennen-im-adac-kart-masters-paatz-in-kerpen-auf-dem-dritten-platz\/#primaryimage\"},\"thumbnailUrl\":\"https:\/\/mathilda-paatz.com\/wp-content\/uploads\/2022\/08\/Mathilda_ADAC_Kerpen_header_1000px.jpg\",\"datePublished\":\"2022-08-08T07:25:53+00:00\",\"dateModified\":\"2022-08-17T12:44:05+00:00\",\"breadcrumb\":{\"@id\":\"https:\/\/mathilda-paatz.com\/2022\/08\/08\/podium-beim-heimrennen-im-adac-kart-masters-paatz-in-kerpen-auf-dem-dritten-platz\/#breadcrumb\"},\"inLanguage\":\"de\",\"potentialAction\":[{\"@type\":\"ReadAction\",\"target\":[\"https:\/\/mathilda-paatz.com\/2022\/08\/08\/podium-beim-heimrennen-im-adac-kart-masters-paatz-in-kerpen-auf-dem-dritten-platz\/\"]}]},{\"@type\":\"ImageObject\",\"inLanguage\":\"de\",\"@id\":\"https:\/\/mathilda-paatz.com\/2022\/08\/08\/podium-beim-heimrennen-im-adac-kart-masters-paatz-in-kerpen-auf-dem-dritten-platz\/#primaryimage\",\"url\":\"https:\/\/mathilda-paatz.com\/wp-content\/uploads\/2022\/08\/Mathilda_ADAC_Kerpen_header_1000px.jpg\",\"contentUrl\":\"https:\/\/mathilda-paatz.com\/wp-content\/uploads\/2022\/08\/Mathilda_ADAC_Kerpen_header_1000px.jpg\",\"width\":1000,\"height\":667},{\"@type\":\"BreadcrumbList\",\"@id\":\"https:\/\/mathilda-paatz.com\/2022\/08\/08\/podium-beim-heimrennen-im-adac-kart-masters-paatz-in-kerpen-auf-dem-dritten-platz\/#breadcrumb\",\"itemListElement\":[{\"@type\":\"ListItem\",\"position\":1,\"name\":\"Startseite\",\"item\":\"https:\/\/mathilda-paatz.com\/\"},{\"@type\":\"ListItem\",\"position\":2,\"name\":\"Podium beim Heimrennen im ADAC Kart Masters: Paatz in Kerpen auf dem dritten Platz\"}]},{\"@type\":\"WebSite\",\"@id\":\"https:\/\/mathilda-paatz.com\/#website\",\"url\":\"https:\/\/mathilda-paatz.com\/\",\"name\":\"Mathilda Paatz\",\"description\":\"Das Speedgirl aus K\u00f6ln\",\"publisher\":{\"@id\":\"https:\/\/mathilda-paatz.com\/#\/schema\/person\/bb1118b4bd0b68d5583bdc80c9b6d30e\"},\"potentialAction\":[{\"@type\":\"SearchAction\",\"target\":{\"@type\":\"EntryPoint\",\"urlTemplate\":\"https:\/\/mathilda-paatz.com\/?s={search_term_string}\"},\"query-input\":{\"@type\":\"PropertyValueSpecification\",\"valueRequired\":true,\"valueName\":\"search_term_string\"}}],\"inLanguage\":\"de\"},{\"@type\":[\"Person\",\"Organization\"],\"@id\":\"https:\/\/mathilda-paatz.com\/#\/schema\/person\/bb1118b4bd0b68d5583bdc80c9b6d30e\",\"name\":\"Mathilda Paatz\",\"image\":{\"@type\":\"ImageObject\",\"inLanguage\":\"de\",\"@id\":\"https:\/\/mathilda-paatz.com\/#\/schema\/person\/image\/\",\"url\":\"https:\/\/mathilda-paatz.com\/wp-content\/uploads\/2021\/01\/cropped-Speedgirl_Logo.png\",\"contentUrl\":\"https:\/\/mathilda-paatz.com\/wp-content\/uploads\/2021\/01\/cropped-Speedgirl_Logo.png\",\"width\":512,\"height\":512,\"caption\":\"Mathilda Paatz\"},\"logo\":{\"@id\":\"https:\/\/mathilda-paatz.com\/#\/schema\/person\/image\/\"},\"sameAs\":[\"https:\/\/mathilda-paatz.com\",\"https:\/\/www.instagram.com\/mathilda_paatz\/\"],\"url\":\"https:\/\/mathilda-paatz.com\/de\/author\/mathilda\/\"}]}<\/script>\n<!-- \/ Yoast SEO plugin. -->","yoast_head_json":{"title":"Podium beim Heimrennen im ADAC Kart Masters: Paatz in Kerpen auf dem dritten Platz &#187; Mathilda Paatz","robots":{"index":"index","follow":"follow","max-snippet":"max-snippet:-1","max-image-preview":"max-image-preview:large","max-video-preview":"max-video-preview:-1"},"canonical":"https:\/\/mathilda-paatz.com\/de\/2022\/08\/08\/podium-beim-heimrennen-im-adac-kart-masters-paatz-in-kerpen-auf-dem-dritten-platz\/","og_locale":"de_DE","og_type":"article","og_title":"Podium beim Heimrennen im ADAC Kart Masters: Paatz in Kerpen auf dem dritten Platz &#187; Mathilda Paatz","og_description":"Mathilda Paatz beendete das Heimrennen des ADAC Kart Masters auf dem Erftlandring in Kerpen mit gemischten Gef\u00fchlen. Zwar konnte die Pilotin vom TB Racing Team mit einem dritten Gesamtrang wieder einmal auf das Podium klettern, doch die Ausgangslage im Titelkampf hat sich nicht verbessert. Dennoch bleibt die 14-J\u00e4hrige vor dem Finale in M\u00fclsen optimistisch.","og_url":"https:\/\/mathilda-paatz.com\/de\/2022\/08\/08\/podium-beim-heimrennen-im-adac-kart-masters-paatz-in-kerpen-auf-dem-dritten-platz\/","og_site_name":"Mathilda Paatz","article_published_time":"2022-08-08T07:25:53+00:00","article_modified_time":"2022-08-17T12:44:05+00:00","og_image":[{"width":1000,"height":667,"url":"https:\/\/mathilda-paatz.com\/wp-content\/uploads\/2022\/08\/Mathilda_ADAC_Kerpen_header_1000px.jpg","type":"image\/jpeg"}],"author":"Mathilda Paatz","twitter_card":"summary_large_image","twitter_misc":{"Verfasst von":"Mathilda Paatz","Gesch\u00e4tzte Lesezeit":"3\u00a0Minuten"},"schema":{"@context":"https:\/\/schema.org","@graph":[{"@type":"Article","@id":"https:\/\/mathilda-paatz.com\/2022\/08\/08\/podium-beim-heimrennen-im-adac-kart-masters-paatz-in-kerpen-auf-dem-dritten-platz\/#article","isPartOf":{"@id":"https:\/\/mathilda-paatz.com\/2022\/08\/08\/podium-beim-heimrennen-im-adac-kart-masters-paatz-in-kerpen-auf-dem-dritten-platz\/"},"author":{"name":"Mathilda Paatz","@id":"https:\/\/mathilda-paatz.com\/#\/schema\/person\/bb1118b4bd0b68d5583bdc80c9b6d30e"},"headline":"Podium beim Heimrennen im ADAC Kart Masters: Paatz in Kerpen auf dem dritten Platz","datePublished":"2022-08-08T07:25:53+00:00","dateModified":"2022-08-17T12:44:05+00:00","mainEntityOfPage":{"@id":"https:\/\/mathilda-paatz.com\/2022\/08\/08\/podium-beim-heimrennen-im-adac-kart-masters-paatz-in-kerpen-auf-dem-dritten-platz\/"},"wordCount":572,"commentCount":0,"publisher":{"@id":"https:\/\/mathilda-paatz.com\/#\/schema\/person\/bb1118b4bd0b68d5583bdc80c9b6d30e"},"image":{"@id":"https:\/\/mathilda-paatz.com\/2022\/08\/08\/podium-beim-heimrennen-im-adac-kart-masters-paatz-in-kerpen-auf-dem-dritten-platz\/#primaryimage"},"thumbnailUrl":"https:\/\/mathilda-paatz.com\/wp-content\/uploads\/2022\/08\/Mathilda_ADAC_Kerpen_header_1000px.jpg","keywords":["ADAC Kart Masters","Kerpen"],"articleSection":["ADAC Kart Masters"],"inLanguage":"de","potentialAction":[{"@type":"CommentAction","name":"Comment","target":["https:\/\/mathilda-paatz.com\/2022\/08\/08\/podium-beim-heimrennen-im-adac-kart-masters-paatz-in-kerpen-auf-dem-dritten-platz\/#respond"]}]},{"@type":"WebPage","@id":"https:\/\/mathilda-paatz.com\/2022\/08\/08\/podium-beim-heimrennen-im-adac-kart-masters-paatz-in-kerpen-auf-dem-dritten-platz\/","url":"https:\/\/mathilda-paatz.com\/2022\/08\/08\/podium-beim-heimrennen-im-adac-kart-masters-paatz-in-kerpen-auf-dem-dritten-platz\/","name":"Podium beim Heimrennen im ADAC Kart Masters: Paatz in Kerpen auf dem dritten Platz &#187; Mathilda Paatz","isPartOf":{"@id":"https:\/\/mathilda-paatz.com\/#website"},"primaryImageOfPage":{"@id":"https:\/\/mathilda-paatz.com\/2022\/08\/08\/podium-beim-heimrennen-im-adac-kart-masters-paatz-in-kerpen-auf-dem-dritten-platz\/#primaryimage"},"image":{"@id":"https:\/\/mathilda-paatz.com\/2022\/08\/08\/podium-beim-heimrennen-im-adac-kart-masters-paatz-in-kerpen-auf-dem-dritten-platz\/#primaryimage"},"thumbnailUrl":"https:\/\/mathilda-paatz.com\/wp-content\/uploads\/2022\/08\/Mathilda_ADAC_Kerpen_header_1000px.jpg","datePublished":"2022-08-08T07:25:53+00:00","dateModified":"2022-08-17T12:44:05+00:00","breadcrumb":{"@id":"https:\/\/mathilda-paatz.com\/2022\/08\/08\/podium-beim-heimrennen-im-adac-kart-masters-paatz-in-kerpen-auf-dem-dritten-platz\/#breadcrumb"},"inLanguage":"de","potentialAction":[{"@type":"ReadAction","target":["https:\/\/mathilda-paatz.com\/2022\/08\/08\/podium-beim-heimrennen-im-adac-kart-masters-paatz-in-kerpen-auf-dem-dritten-platz\/"]}]},{"@type":"ImageObject","inLanguage":"de","@id":"https:\/\/mathilda-paatz.com\/2022\/08\/08\/podium-beim-heimrennen-im-adac-kart-masters-paatz-in-kerpen-auf-dem-dritten-platz\/#primaryimage","url":"https:\/\/mathilda-paatz.com\/wp-content\/uploads\/2022\/08\/Mathilda_ADAC_Kerpen_header_1000px.jpg","contentUrl":"https:\/\/mathilda-paatz.com\/wp-content\/uploads\/2022\/08\/Mathilda_ADAC_Kerpen_header_1000px.jpg","width":1000,"height":667},{"@type":"BreadcrumbList","@id":"https:\/\/mathilda-paatz.com\/2022\/08\/08\/podium-beim-heimrennen-im-adac-kart-masters-paatz-in-kerpen-auf-dem-dritten-platz\/#breadcrumb","itemListElement":[{"@type":"ListItem","position":1,"name":"Startseite","item":"https:\/\/mathilda-paatz.com\/"},{"@type":"ListItem","position":2,"name":"Podium beim Heimrennen im ADAC Kart Masters: Paatz in Kerpen auf dem dritten Platz"}]},{"@type":"WebSite","@id":"https:\/\/mathilda-paatz.com\/#website","url":"https:\/\/mathilda-paatz.com\/","name":"Mathilda Paatz","description":"Das Speedgirl aus K\u00f6ln","publisher":{"@id":"https:\/\/mathilda-paatz.com\/#\/schema\/person\/bb1118b4bd0b68d5583bdc80c9b6d30e"},"potentialAction":[{"@type":"SearchAction","target":{"@type":"EntryPoint","urlTemplate":"https:\/\/mathilda-paatz.com\/?s={search_term_string}"},"query-input":{"@type":"PropertyValueSpecification","valueRequired":true,"valueName":"search_term_string"}}],"inLanguage":"de"},{"@type":["Person","Organization"],"@id":"https:\/\/mathilda-paatz.com\/#\/schema\/person\/bb1118b4bd0b68d5583bdc80c9b6d30e","name":"Mathilda Paatz","image":{"@type":"ImageObject","inLanguage":"de","@id":"https:\/\/mathilda-paatz.com\/#\/schema\/person\/image\/","url":"https:\/\/mathilda-paatz.com\/wp-content\/uploads\/2021\/01\/cropped-Speedgirl_Logo.png","contentUrl":"https:\/\/mathilda-paatz.com\/wp-content\/uploads\/2021\/01\/cropped-Speedgirl_Logo.png","width":512,"height":512,"caption":"Mathilda Paatz"},"logo":{"@id":"https:\/\/mathilda-paatz.com\/#\/schema\/person\/image\/"},"sameAs":["https:\/\/mathilda-paatz.com","https:\/\/www.instagram.com\/mathilda_paatz\/"],"url":"https:\/\/mathilda-paatz.com\/de\/author\/mathilda\/"}]}},"_links":{"self":[{"href":"https:\/\/mathilda-paatz.com\/de\/wp-json\/wp\/v2\/posts\/1811","targetHints":{"allow":["GET"]}}],"collection":[{"href":"https:\/\/mathilda-paatz.com\/de\/wp-json\/wp\/v2\/posts"}],"about":[{"href":"https:\/\/mathilda-paatz.com\/de\/wp-json\/wp\/v2\/types\/post"}],"author":[{"embeddable":true,"href":"https:\/\/mathilda-paatz.com\/de\/wp-json\/wp\/v2\/users\/1"}],"replies":[{"embeddable":true,"href":"https:\/\/mathilda-paatz.com\/de\/wp-json\/wp\/v2\/comments?post=1811"}],"version-history":[{"count":2,"href":"https:\/\/mathilda-paatz.com\/de\/wp-json\/wp\/v2\/posts\/1811\/revisions"}],"predecessor-version":[{"id":1814,"href":"https:\/\/mathilda-paatz.com\/de\/wp-json\/wp\/v2\/posts\/1811\/revisions\/1814"}],"wp:featuredmedia":[{"embeddable":true,"href":"https:\/\/mathilda-paatz.com\/de\/wp-json\/wp\/v2\/media\/1812"}],"wp:attachment":[{"href":"https:\/\/mathilda-paatz.com\/de\/wp-json\/wp\/v2\/media?parent=1811"}],"wp:term":[{"taxonomy":"category","embeddable":true,"href":"https:\/\/mathilda-paatz.com\/de\/wp-json\/wp\/v2\/categories?post=1811"},{"taxonomy":"post_tag","embeddable":true,"href":"https:\/\/mathilda-paatz.com\/de\/wp-json\/wp\/v2\/tags?post=1811"}],"curies":[{"name":"wp","href":"https:\/\/api.w.org\/{rel}","templated":true}]}}